{"id":3815,"date":"2025-06-28T18:16:38","date_gmt":"2025-06-28T18:16:38","guid":{"rendered":"https:\/\/www.fiaelyelmo.com\/cine\/?p=3815"},"modified":"2025-06-28T18:21:41","modified_gmt":"2025-06-28T18:21:41","slug":"la-paralpine","status":"publish","type":"post","link":"https:\/\/www.fiaelyelmo.com\/cine\/es\/2025\/06\/la-paralpine\/","title":{"rendered":"La paralpine"},"content":{"rendered":"<p><strong>Realizador: <\/strong>Guillaume Funck<br \/>\n<strong>Director: <\/strong>Guillaume Funck<br \/>\n<strong>Pa\u00eds:<\/strong> Francia<br \/>\n<strong>Lugar y fecha de grabaci\u00f3n:<\/strong> Eslovenia, Italia, Austria, Suiza y Francia. 2023<br \/>\n<strong>Duraci\u00f3n:<\/strong> 51&#8242;<\/p>\n<p>Desde su juventud, Guillaume desarroll\u00f3 una verdadera pasi\u00f3n por las monta\u00f1as, y su sue\u00f1o es cruzar los Alpes en parapente desde Eslovenia hasta Niza, Francia. A sus 25 a\u00f1os, decide aceptar el reto, escalando importantes cumbres en el camino, y solo con el apoyo de sus amigos podr\u00e1 lograrlo. Juntos, sobrevuelan glaciares, escalan vertiginosas crestas sobre el Cervino y escalan importantes rutas en los Dolomitas. Guillaume nos lleva a un viaje de parapente, monta\u00f1ismo y escalada donde cada una de estas actividades exige gran concentraci\u00f3n y destreza. Una historia donde las amistades se forjan para siempre, y donde la soledad y la duda se dan la mano con momentos \u00fanicos de felicidad.<\/p>\n\n\t\t<style type=\"text\/css\">\n\t\t\t#gallery-1 {\n\t\t\t\tmargin: auto;\n\t\t\t}\n\t\t\t#gallery-1 .gallery-item {\n\t\t\t\tfloat: left;\n\t\t\t\tmargin-top: 10px;\n\t\t\t\ttext-align: center;\n\t\t\t\twidth: 33%;\n\t\t\t}\n\t\t\t#gallery-1 img {\n\t\t\t\tborder: 2px solid #cfcfcf;\n\t\t\t}\n\t\t\t#gallery-1 .gallery-caption {\n\t\t\t\tmargin-left: 0;\n\t\t\t}\n\t\t\t\/* see gallery_shortcode() in wp-includes\/media.php *\/\n\t\t<\/style>\n\t\t<div id='gallery-1' class='gallery galleryid-3815 gallery-columns-3 gallery-size-thumbnail'><dl class='gallery-item'>\n\t\t\t<dt class='gallery-icon portrait'>\n\t\t\t\t<a href='https:\/\/www.fiaelyelmo.com\/cine\/es\/2025\/06\/la-paralpine\/paralpine-affiche\/'><img loading=\"lazy\" decoding=\"async\" width=\"150\" height=\"150\" src=\"https:\/\/www.fiaelyelmo.com\/cine\/wp-content\/uploads\/2025\/06\/Paralpine-affiche-150x150.jpg\" class=\"attachment-thumbnail size-thumbnail\" alt=\"\" \/><\/a>\n\t\t\t<\/dt><\/dl><dl class='gallery-item'>\n\t\t\t<dt class='gallery-icon landscape'>\n\t\t\t\t<a href='https:\/\/www.fiaelyelmo.com\/cine\/es\/2025\/06\/la-paralpine\/paralpine1\/'><img loading=\"lazy\" decoding=\"async\" width=\"150\" height=\"150\" src=\"https:\/\/www.fiaelyelmo.com\/cine\/wp-content\/uploads\/2025\/06\/Paralpine1-150x150.jpg\" class=\"attachment-thumbnail size-thumbnail\" alt=\"\" \/><\/a>\n\t\t\t<\/dt><\/dl><dl class='gallery-item'>\n\t\t\t<dt class='gallery-icon landscape'>\n\t\t\t\t<a href='https:\/\/www.fiaelyelmo.com\/cine\/es\/2025\/06\/la-paralpine\/paralpine2\/'><img loading=\"lazy\" decoding=\"async\" width=\"150\" height=\"150\" src=\"https:\/\/www.fiaelyelmo.com\/cine\/wp-content\/uploads\/2025\/06\/Paralpine2-150x150.jpg\" class=\"attachment-thumbnail size-thumbnail\" alt=\"\" \/><\/a>\n\t\t\t<\/dt><\/dl><br style=\"clear: both\" \/><dl class='gallery-item'>\n\t\t\t<dt class='gallery-icon landscape'>\n\t\t\t\t<a href='https:\/\/www.fiaelyelmo.com\/cine\/es\/2025\/06\/la-paralpine\/paralpine3\/'><img loading=\"lazy\" decoding=\"async\" width=\"150\" height=\"150\" src=\"https:\/\/www.fiaelyelmo.com\/cine\/wp-content\/uploads\/2025\/06\/Paralpine3-150x150.jpg\" class=\"attachment-thumbnail size-thumbnail\" alt=\"\" \/><\/a>\n\t\t\t<\/dt><\/dl><dl class='gallery-item'>\n\t\t\t<dt class='gallery-icon landscape'>\n\t\t\t\t<a href='https:\/\/www.fiaelyelmo.com\/cine\/es\/2025\/06\/la-paralpine\/paralpine4\/'><img loading=\"lazy\" decoding=\"async\" width=\"150\" height=\"150\" src=\"https:\/\/www.fiaelyelmo.com\/cine\/wp-content\/uploads\/2025\/06\/Paralpine4-150x150.jpg\" class=\"attachment-thumbnail size-thumbnail\" alt=\"\" \/><\/a>\n\t\t\t<\/dt><\/dl><dl class='gallery-item'>\n\t\t\t<dt class='gallery-icon landscape'>\n\t\t\t\t<a href='https:\/\/www.fiaelyelmo.com\/cine\/es\/2025\/06\/la-paralpine\/paralpine5\/'><img loading=\"lazy\" decoding=\"async\" width=\"150\" height=\"150\" src=\"https:\/\/www.fiaelyelmo.com\/cine\/wp-content\/uploads\/2025\/06\/Paralpine5-150x150.jpg\" class=\"attachment-thumbnail size-thumbnail\" alt=\"\" \/><\/a>\n\t\t\t<\/dt><\/dl><br style=\"clear: both\" \/><dl class='gallery-item'>\n\t\t\t<dt class='gallery-icon landscape'>\n\t\t\t\t<a href='https:\/\/www.fiaelyelmo.com\/cine\/es\/2025\/06\/la-paralpine\/paralpine6\/'><img loading=\"lazy\" decoding=\"async\" width=\"150\" height=\"150\" src=\"https:\/\/www.fiaelyelmo.com\/cine\/wp-content\/uploads\/2025\/06\/Paralpine6-150x150.jpg\" class=\"attachment-thumbnail size-thumbnail\" alt=\"\" \/><\/a>\n\t\t\t<\/dt><\/dl><dl class='gallery-item'>\n\t\t\t<dt class='gallery-icon landscape'>\n\t\t\t\t<a href='https:\/\/www.fiaelyelmo.com\/cine\/es\/2025\/06\/la-paralpine\/paralpine7\/'><img loading=\"lazy\" decoding=\"async\" width=\"150\" height=\"150\" src=\"https:\/\/www.fiaelyelmo.com\/cine\/wp-content\/uploads\/2025\/06\/Paralpine7-150x150.jpg\" class=\"attachment-thumbnail size-thumbnail\" alt=\"\" \/><\/a>\n\t\t\t<\/dt><\/dl><dl class='gallery-item'>\n\t\t\t<dt class='gallery-icon landscape'>\n\t\t\t\t<a href='https:\/\/www.fiaelyelmo.com\/cine\/es\/2025\/06\/la-paralpine\/paralpine8\/'><img loading=\"lazy\" decoding=\"async\" width=\"150\" height=\"150\" src=\"https:\/\/www.fiaelyelmo.com\/cine\/wp-content\/uploads\/2025\/06\/Paralpine8-150x150.jpg\" class=\"attachment-thumbnail size-thumbnail\" alt=\"\" \/><\/a>\n\t\t\t<\/dt><\/dl><br style=\"clear: both\" \/><dl class='gallery-item'>\n\t\t\t<dt class='gallery-icon landscape'>\n\t\t\t\t<a href='https:\/\/www.fiaelyelmo.com\/cine\/es\/2025\/06\/la-paralpine\/paralpine9\/'><img loading=\"lazy\" decoding=\"async\" width=\"150\" height=\"150\" src=\"https:\/\/www.fiaelyelmo.com\/cine\/wp-content\/uploads\/2025\/06\/Paralpine9-150x150.jpg\" class=\"attachment-thumbnail size-thumbnail\" alt=\"\" \/><\/a>\n\t\t\t<\/dt><\/dl><dl class='gallery-item'>\n\t\t\t<dt class='gallery-icon landscape'>\n\t\t\t\t<a href='https:\/\/www.fiaelyelmo.com\/cine\/es\/2025\/06\/la-paralpine\/paralpine10\/'><img loading=\"lazy\" decoding=\"async\" width=\"150\" height=\"150\" src=\"https:\/\/www.fiaelyelmo.com\/cine\/wp-content\/uploads\/2025\/06\/Paralpine10-150x150.jpg\" class=\"attachment-thumbnail size-thumbnail\" alt=\"\" \/><\/a>\n\t\t\t<\/dt><\/dl><dl class='gallery-item'>\n\t\t\t<dt class='gallery-icon landscape'>\n\t\t\t\t<a href='https:\/\/www.fiaelyelmo.com\/cine\/es\/2025\/06\/la-paralpine\/paralpine11\/'><img loading=\"lazy\" decoding=\"async\" width=\"150\" height=\"150\" src=\"https:\/\/www.fiaelyelmo.com\/cine\/wp-content\/uploads\/2025\/06\/Paralpine11-150x150.jpg\" class=\"attachment-thumbnail size-thumbnail\" alt=\"\" \/><\/a>\n\t\t\t<\/dt><\/dl><br style=\"clear: both\" \/>\n\t\t<\/div>\n\n<p>&nbsp;<\/p>\n","protected":false},"excerpt":{"rendered":"<p>Realizador: Guillaume Funck Director: Guillaume Funck Pa\u00eds: Francia Lugar y fecha de grabaci\u00f3n: Eslovenia, Italia, Austria, Suiza y Francia. 2023 Duraci\u00f3n: 51&#8242; Desde su juventud, Guillaume desarroll\u00f3 una verdadera pasi\u00f3n por las monta\u00f1as, y su sue\u00f1o es cruzar los Alpes en parapente desde Eslovenia hasta Niza, Francia. A sus 25 a\u00f1os, decide aceptar el reto, [&hellip;]<\/p>\n","protected":false},"author":3,"featured_media":3844,"comment_status":"closed","ping_status":"closed","sticky":false,"template":"","format":"standard","meta":{"_et_pb_use_builder":"","_et_pb_old_content":"","_et_gb_content_width":"","footnotes":""},"categories":[302],"tags":[],"class_list":["post-3815","post","type-post","status-publish","format-standard","has-post-thumbnail","hentry","category-seccion-oficial-2025"],"_links":{"self":[{"href":"https:\/\/www.fiaelyelmo.com\/cine\/wp-json\/wp\/v2\/posts\/3815","targetHints":{"allow":["GET"]}}],"collection":[{"href":"https:\/\/www.fiaelyelmo.com\/cine\/wp-json\/wp\/v2\/posts"}],"about":[{"href":"https:\/\/www.fiaelyelmo.com\/cine\/wp-json\/wp\/v2\/types\/post"}],"author":[{"embeddable":true,"href":"https:\/\/www.fiaelyelmo.com\/cine\/wp-json\/wp\/v2\/users\/3"}],"replies":[{"embeddable":true,"href":"https:\/\/www.fiaelyelmo.com\/cine\/wp-json\/wp\/v2\/comments?post=3815"}],"version-history":[{"count":1,"href":"https:\/\/www.fiaelyelmo.com\/cine\/wp-json\/wp\/v2\/posts\/3815\/revisions"}],"predecessor-version":[{"id":3828,"href":"https:\/\/www.fiaelyelmo.com\/cine\/wp-json\/wp\/v2\/posts\/3815\/revisions\/3828"}],"wp:featuredmedia":[{"embeddable":true,"href":"https:\/\/www.fiaelyelmo.com\/cine\/wp-json\/wp\/v2\/media\/3844"}],"wp:attachment":[{"href":"https:\/\/www.fiaelyelmo.com\/cine\/wp-json\/wp\/v2\/media?parent=3815"}],"wp:term":[{"taxonomy":"category","embeddable":true,"href":"https:\/\/www.fiaelyelmo.com\/cine\/wp-json\/wp\/v2\/categories?post=3815"},{"taxonomy":"post_tag","embeddable":true,"href":"https:\/\/www.fiaelyelmo.com\/cine\/wp-json\/wp\/v2\/tags?post=3815"}],"curies":[{"name":"wp","href":"https:\/\/api.w.org\/{rel}","templated":true}]}}