{"id":3845,"date":"2025-06-29T08:47:17","date_gmt":"2025-06-29T08:47:17","guid":{"rendered":"https:\/\/www.fiaelyelmo.com\/cine\/?p=3845"},"modified":"2025-06-29T08:49:58","modified_gmt":"2025-06-29T08:49:58","slug":"avec-riton","status":"publish","type":"post","link":"https:\/\/www.fiaelyelmo.com\/cine\/es\/2025\/06\/avec-riton\/","title":{"rendered":"Avec Riton"},"content":{"rendered":"<p><strong>Realizador: <\/strong>Antoine Girard, Brian Math\u00e9 and Morgan Monchaud<br \/>\n<strong>Director: <\/strong>Antoine Girard, Brian Math\u00e9 and Morgan Monchaud<br \/>\n<strong>Pa\u00eds:<\/strong> Francia<br \/>\n<strong>Lugar y fecha de grabaci\u00f3n:<\/strong> Per\u00fa<br \/>\n<strong>Duraci\u00f3n:<\/strong> 54&#8242;<\/p>\n<p>Antoine Girard es parapentista y explorador. Disfruta recorriendo rutas desconocidas. En Per\u00fa, se embarca con Henri (Riton), otro piloto experimentado. Juntos, emprenden una expedici\u00f3n completamente nueva de 1200 km de norte a sur, a lo largo de las legendarias cumbres de los Andes. Un viaje emocionante y conmovedor que debe detenerse abruptamente ante el verdadero riesgo de las expediciones de \u00abcaminata y vuelo\u00bb.<\/p>\n\n\t\t<style type=\"text\/css\">\n\t\t\t#gallery-1 {\n\t\t\t\tmargin: auto;\n\t\t\t}\n\t\t\t#gallery-1 .gallery-item {\n\t\t\t\tfloat: left;\n\t\t\t\tmargin-top: 10px;\n\t\t\t\ttext-align: center;\n\t\t\t\twidth: 33%;\n\t\t\t}\n\t\t\t#gallery-1 img {\n\t\t\t\tborder: 2px solid #cfcfcf;\n\t\t\t}\n\t\t\t#gallery-1 .gallery-caption {\n\t\t\t\tmargin-left: 0;\n\t\t\t}\n\t\t\t\/* see gallery_shortcode() in wp-includes\/media.php *\/\n\t\t<\/style>\n\t\t<div id='gallery-1' class='gallery galleryid-3845 gallery-columns-3 gallery-size-thumbnail'><dl class='gallery-item'>\n\t\t\t<dt class='gallery-icon landscape'>\n\t\t\t\t<a href='https:\/\/www.fiaelyelmo.com\/cine\/es\/2025\/06\/avec-riton\/avec_riton_1\/'><img loading=\"lazy\" decoding=\"async\" width=\"150\" height=\"150\" src=\"https:\/\/www.fiaelyelmo.com\/cine\/wp-content\/uploads\/2025\/06\/avec_riton_1-150x150.jpg\" class=\"attachment-thumbnail size-thumbnail\" alt=\"\" \/><\/a>\n\t\t\t<\/dt><\/dl><dl class='gallery-item'>\n\t\t\t<dt class='gallery-icon landscape'>\n\t\t\t\t<a href='https:\/\/www.fiaelyelmo.com\/cine\/es\/2025\/06\/avec-riton\/avec_riton_2\/'><img loading=\"lazy\" decoding=\"async\" width=\"150\" height=\"150\" src=\"https:\/\/www.fiaelyelmo.com\/cine\/wp-content\/uploads\/2025\/06\/avec_riton_2-150x150.jpg\" class=\"attachment-thumbnail size-thumbnail\" alt=\"\" \/><\/a>\n\t\t\t<\/dt><\/dl><dl class='gallery-item'>\n\t\t\t<dt class='gallery-icon landscape'>\n\t\t\t\t<a href='https:\/\/www.fiaelyelmo.com\/cine\/es\/2025\/06\/avec-riton\/avec_riton_3\/'><img loading=\"lazy\" decoding=\"async\" width=\"150\" height=\"150\" src=\"https:\/\/www.fiaelyelmo.com\/cine\/wp-content\/uploads\/2025\/06\/avec_riton_3-150x150.jpg\" class=\"attachment-thumbnail size-thumbnail\" alt=\"\" \/><\/a>\n\t\t\t<\/dt><\/dl><br style=\"clear: both\" \/>\n\t\t<\/div>\n\n<p>&nbsp;<\/p>\n","protected":false},"excerpt":{"rendered":"<p>Realizador: Antoine Girard, Brian Math\u00e9 and Morgan Monchaud Director: Antoine Girard, Brian Math\u00e9 and Morgan Monchaud Pa\u00eds: Francia Lugar y fecha de grabaci\u00f3n: Per\u00fa Duraci\u00f3n: 54&#8242; Antoine Girard es parapentista y explorador. Disfruta recorriendo rutas desconocidas. En Per\u00fa, se embarca con Henri (Riton), otro piloto experimentado. Juntos, emprenden una expedici\u00f3n completamente nueva de 1200 km [&hellip;]<\/p>\n","protected":false},"author":3,"featured_media":3847,"comment_status":"closed","ping_status":"closed","sticky":false,"template":"","format":"standard","meta":{"_et_pb_use_builder":"","_et_pb_old_content":"","_et_gb_content_width":"","footnotes":""},"categories":[302],"tags":[],"class_list":["post-3845","post","type-post","status-publish","format-standard","has-post-thumbnail","hentry","category-seccion-oficial-2025"],"_links":{"self":[{"href":"https:\/\/www.fiaelyelmo.com\/cine\/wp-json\/wp\/v2\/posts\/3845","targetHints":{"allow":["GET"]}}],"collection":[{"href":"https:\/\/www.fiaelyelmo.com\/cine\/wp-json\/wp\/v2\/posts"}],"about":[{"href":"https:\/\/www.fiaelyelmo.com\/cine\/wp-json\/wp\/v2\/types\/post"}],"author":[{"embeddable":true,"href":"https:\/\/www.fiaelyelmo.com\/cine\/wp-json\/wp\/v2\/users\/3"}],"replies":[{"embeddable":true,"href":"https:\/\/www.fiaelyelmo.com\/cine\/wp-json\/wp\/v2\/comments?post=3845"}],"version-history":[{"count":1,"href":"https:\/\/www.fiaelyelmo.com\/cine\/wp-json\/wp\/v2\/posts\/3845\/revisions"}],"predecessor-version":[{"id":3849,"href":"https:\/\/www.fiaelyelmo.com\/cine\/wp-json\/wp\/v2\/posts\/3845\/revisions\/3849"}],"wp:featuredmedia":[{"embeddable":true,"href":"https:\/\/www.fiaelyelmo.com\/cine\/wp-json\/wp\/v2\/media\/3847"}],"wp:attachment":[{"href":"https:\/\/www.fiaelyelmo.com\/cine\/wp-json\/wp\/v2\/media?parent=3845"}],"wp:term":[{"taxonomy":"category","embeddable":true,"href":"https:\/\/www.fiaelyelmo.com\/cine\/wp-json\/wp\/v2\/categories?post=3845"},{"taxonomy":"post_tag","embeddable":true,"href":"https:\/\/www.fiaelyelmo.com\/cine\/wp-json\/wp\/v2\/tags?post=3845"}],"curies":[{"name":"wp","href":"https:\/\/api.w.org\/{rel}","templated":true}]}}