{"id":3894,"date":"2025-07-01T20:35:26","date_gmt":"2025-07-01T20:35:26","guid":{"rendered":"https:\/\/www.fiaelyelmo.com\/cine\/?p=3894"},"modified":"2025-07-01T20:35:26","modified_gmt":"2025-07-01T20:35:26","slug":"x-pyr-2024-el-desafio-pirenaico","status":"publish","type":"post","link":"https:\/\/www.fiaelyelmo.com\/cine\/es\/2025\/07\/x-pyr-2024-el-desafio-pirenaico\/","title":{"rendered":"X-Pyr 2024 &#8211; El desaf\u00edo pirenaico"},"content":{"rendered":"<p><strong>Realizador: <\/strong>Jaroslav Jindra<br \/>\n<strong>Director: <\/strong>Jaroslav Jindra<br \/>\n<strong>Pa\u00eds:<\/strong> Espa\u00f1a<br \/>\n<strong>Lugar y fecha de grabaci\u00f3n:<\/strong> Pirineos,\u00a0 junio 2024<br \/>\n<strong>Duraci\u00f3n:<\/strong> 53&#8242;<\/p>\n<p>La X-Pyr es la carrera de hike &amp; fly (vuelo en parapente y a pie) que une los mares Cant\u00e1brico y Mediterr\u00e1neo cruz\u00e1ndose el Pirineo de costa a costa.<br \/>\n40 equipos se dieron cita en la playa de Hondarribia, y dispondr\u00edan de menos de una semana para cruzarse el Pirineo utilizando como medio de desplazamiento exclusivamente el vuelo en parapente y la marcha a pie.<br \/>\nNo hay etapas prefijadas, pero s\u00ed una serie de puntos que los pilotos deben cruzar. Situadas en los picos m\u00e1s altos o en los valles m\u00e1s profundos.<br \/>\nUna carrera que mantiene la emoci\u00f3n hasta los metros finales, y que somete a los participantes a situaciones extremas tanto en tierra como en el aire.<\/p>\n\n\t\t<style type=\"text\/css\">\n\t\t\t#gallery-1 {\n\t\t\t\tmargin: auto;\n\t\t\t}\n\t\t\t#gallery-1 .gallery-item {\n\t\t\t\tfloat: left;\n\t\t\t\tmargin-top: 10px;\n\t\t\t\ttext-align: center;\n\t\t\t\twidth: 33%;\n\t\t\t}\n\t\t\t#gallery-1 img {\n\t\t\t\tborder: 2px solid #cfcfcf;\n\t\t\t}\n\t\t\t#gallery-1 .gallery-caption {\n\t\t\t\tmargin-left: 0;\n\t\t\t}\n\t\t\t\/* see gallery_shortcode() in wp-includes\/media.php *\/\n\t\t<\/style>\n\t\t<div id='gallery-1' class='gallery galleryid-3894 gallery-columns-3 gallery-size-thumbnail'><dl class='gallery-item'>\n\t\t\t<dt class='gallery-icon landscape'>\n\t\t\t\t<a href='https:\/\/www.fiaelyelmo.com\/cine\/es\/2025\/07\/x-pyr-2024-el-desafio-pirenaico\/x-pyr-p1\/'><img loading=\"lazy\" decoding=\"async\" width=\"150\" height=\"150\" src=\"https:\/\/www.fiaelyelmo.com\/cine\/wp-content\/uploads\/2025\/07\/x-pyr-p1-150x150.jpg\" class=\"attachment-thumbnail size-thumbnail\" alt=\"\" \/><\/a>\n\t\t\t<\/dt><\/dl><dl class='gallery-item'>\n\t\t\t<dt class='gallery-icon landscape'>\n\t\t\t\t<a href='https:\/\/www.fiaelyelmo.com\/cine\/es\/2025\/07\/x-pyr-2024-el-desafio-pirenaico\/x-pyr-1\/'><img loading=\"lazy\" decoding=\"async\" width=\"150\" height=\"150\" src=\"https:\/\/www.fiaelyelmo.com\/cine\/wp-content\/uploads\/2025\/07\/x-pyr-1-150x150.jpg\" class=\"attachment-thumbnail size-thumbnail\" alt=\"\" \/><\/a>\n\t\t\t<\/dt><\/dl><dl class='gallery-item'>\n\t\t\t<dt class='gallery-icon landscape'>\n\t\t\t\t<a href='https:\/\/www.fiaelyelmo.com\/cine\/es\/2025\/07\/x-pyr-2024-el-desafio-pirenaico\/x-pyr-2\/'><img loading=\"lazy\" decoding=\"async\" width=\"150\" height=\"150\" src=\"https:\/\/www.fiaelyelmo.com\/cine\/wp-content\/uploads\/2025\/07\/x-pyr-2-150x150.jpg\" class=\"attachment-thumbnail size-thumbnail\" alt=\"\" \/><\/a>\n\t\t\t<\/dt><\/dl><br style=\"clear: both\" \/><dl class='gallery-item'>\n\t\t\t<dt class='gallery-icon landscape'>\n\t\t\t\t<a href='https:\/\/www.fiaelyelmo.com\/cine\/es\/2025\/07\/x-pyr-2024-el-desafio-pirenaico\/x-pyr-3\/'><img loading=\"lazy\" decoding=\"async\" width=\"150\" height=\"150\" src=\"https:\/\/www.fiaelyelmo.com\/cine\/wp-content\/uploads\/2025\/07\/x-pyr-3-150x150.jpg\" class=\"attachment-thumbnail size-thumbnail\" alt=\"\" \/><\/a>\n\t\t\t<\/dt><\/dl><dl class='gallery-item'>\n\t\t\t<dt class='gallery-icon landscape'>\n\t\t\t\t<a href='https:\/\/www.fiaelyelmo.com\/cine\/es\/2025\/07\/x-pyr-2024-el-desafio-pirenaico\/x-pyr-4\/'><img loading=\"lazy\" decoding=\"async\" width=\"150\" height=\"150\" src=\"https:\/\/www.fiaelyelmo.com\/cine\/wp-content\/uploads\/2025\/07\/x-pyr-4-150x150.jpg\" class=\"attachment-thumbnail size-thumbnail\" alt=\"\" \/><\/a>\n\t\t\t<\/dt><\/dl><dl class='gallery-item'>\n\t\t\t<dt class='gallery-icon landscape'>\n\t\t\t\t<a href='https:\/\/www.fiaelyelmo.com\/cine\/es\/2025\/07\/x-pyr-2024-el-desafio-pirenaico\/x-pyr-5\/'><img loading=\"lazy\" decoding=\"async\" width=\"150\" height=\"150\" src=\"https:\/\/www.fiaelyelmo.com\/cine\/wp-content\/uploads\/2025\/07\/x-pyr-5-150x150.jpg\" class=\"attachment-thumbnail size-thumbnail\" alt=\"\" \/><\/a>\n\t\t\t<\/dt><\/dl><br style=\"clear: both\" \/>\n\t\t<\/div>\n\n<p>&nbsp;<\/p>\n","protected":false},"excerpt":{"rendered":"<p>Realizador: Jaroslav Jindra Director: Jaroslav Jindra Pa\u00eds: Espa\u00f1a Lugar y fecha de grabaci\u00f3n: Pirineos,\u00a0 junio 2024 Duraci\u00f3n: 53&#8242; La X-Pyr es la carrera de hike &amp; fly (vuelo en parapente y a pie) que une los mares Cant\u00e1brico y Mediterr\u00e1neo cruz\u00e1ndose el Pirineo de costa a costa. 40 equipos se dieron cita en la playa [&hellip;]<\/p>\n","protected":false},"author":3,"featured_media":3901,"comment_status":"closed","ping_status":"closed","sticky":false,"template":"","format":"standard","meta":{"_et_pb_use_builder":"","_et_pb_old_content":"","_et_gb_content_width":"","footnotes":""},"categories":[302],"tags":[],"class_list":["post-3894","post","type-post","status-publish","format-standard","has-post-thumbnail","hentry","category-seccion-oficial-2025"],"_links":{"self":[{"href":"https:\/\/www.fiaelyelmo.com\/cine\/wp-json\/wp\/v2\/posts\/3894","targetHints":{"allow":["GET"]}}],"collection":[{"href":"https:\/\/www.fiaelyelmo.com\/cine\/wp-json\/wp\/v2\/posts"}],"about":[{"href":"https:\/\/www.fiaelyelmo.com\/cine\/wp-json\/wp\/v2\/types\/post"}],"author":[{"embeddable":true,"href":"https:\/\/www.fiaelyelmo.com\/cine\/wp-json\/wp\/v2\/users\/3"}],"replies":[{"embeddable":true,"href":"https:\/\/www.fiaelyelmo.com\/cine\/wp-json\/wp\/v2\/comments?post=3894"}],"version-history":[{"count":1,"href":"https:\/\/www.fiaelyelmo.com\/cine\/wp-json\/wp\/v2\/posts\/3894\/revisions"}],"predecessor-version":[{"id":3902,"href":"https:\/\/www.fiaelyelmo.com\/cine\/wp-json\/wp\/v2\/posts\/3894\/revisions\/3902"}],"wp:featuredmedia":[{"embeddable":true,"href":"https:\/\/www.fiaelyelmo.com\/cine\/wp-json\/wp\/v2\/media\/3901"}],"wp:attachment":[{"href":"https:\/\/www.fiaelyelmo.com\/cine\/wp-json\/wp\/v2\/media?parent=3894"}],"wp:term":[{"taxonomy":"category","embeddable":true,"href":"https:\/\/www.fiaelyelmo.com\/cine\/wp-json\/wp\/v2\/categories?post=3894"},{"taxonomy":"post_tag","embeddable":true,"href":"https:\/\/www.fiaelyelmo.com\/cine\/wp-json\/wp\/v2\/tags?post=3894"}],"curies":[{"name":"wp","href":"https:\/\/api.w.org\/{rel}","templated":true}]}}