{"id":3911,"date":"2025-07-01T20:51:00","date_gmt":"2025-07-01T20:51:00","guid":{"rendered":"https:\/\/www.fiaelyelmo.com\/cine\/?p=3911"},"modified":"2025-07-01T20:51:00","modified_gmt":"2025-07-01T20:51:00","slug":"aer","status":"publish","type":"post","link":"https:\/\/www.fiaelyelmo.com\/cine\/es\/2025\/07\/aer\/","title":{"rendered":"AER"},"content":{"rendered":"<p><strong>Realizador: <\/strong>JOSUE VERGARA &amp; VICENTE PORFILIO<br \/>\n<strong>Director: <\/strong>JOSUE VERGARA &amp; VICENTE PORFILIO<br \/>\n<strong>Pa\u00eds:<\/strong> Espa\u00f1a<br \/>\n<strong>Lugar y fecha de grabaci\u00f3n: <\/strong>Base militar los Llanos Albacete\/ Museo del aire y el espacio\/ Palau de la M\u00fasica de Valenci<br \/>\n<strong>Duraci\u00f3n:<\/strong> 11&#8242;<\/p>\n<p>\u00bfC\u00f3mo componer el aire? \u00bfc\u00f3mo componer su melod\u00eda? AER narra de manera po\u00e9tica, y conceptual, el proceso de c\u00f3mo Josu\u00e9 se enfrent\u00f3 al reto \u2013personal y creativo\u2013 de componer la obra musical oficial para el Ej\u00e9rcito del Aire y del Espacio espa\u00f1ol. Un encargo inusual para \u00e9l que \u2013adem\u00e1s de ser de relevante importancia para su carrera\u2013 iba a remover en su interior dudas, inseguridades, miedos y sentimientos que parec\u00edan no existir en Josu\u00e9 hasta ese momento. Una frase muy cotidiana y muy simple que resuena en Josu\u00e9, acabar\u00e1 con todo ese miedo, y marcar\u00e1 el inicio definitivo de AER.<\/p>\n\n\t\t<style type=\"text\/css\">\n\t\t\t#gallery-1 {\n\t\t\t\tmargin: auto;\n\t\t\t}\n\t\t\t#gallery-1 .gallery-item {\n\t\t\t\tfloat: left;\n\t\t\t\tmargin-top: 10px;\n\t\t\t\ttext-align: center;\n\t\t\t\twidth: 33%;\n\t\t\t}\n\t\t\t#gallery-1 img {\n\t\t\t\tborder: 2px solid #cfcfcf;\n\t\t\t}\n\t\t\t#gallery-1 .gallery-caption {\n\t\t\t\tmargin-left: 0;\n\t\t\t}\n\t\t\t\/* see gallery_shortcode() in wp-includes\/media.php *\/\n\t\t<\/style>\n\t\t<div id='gallery-1' class='gallery galleryid-3911 gallery-columns-3 gallery-size-thumbnail'><dl class='gallery-item'>\n\t\t\t<dt class='gallery-icon portrait'>\n\t\t\t\t<a href='https:\/\/www.fiaelyelmo.com\/cine\/es\/2025\/07\/aer\/aer_p\/'><img loading=\"lazy\" decoding=\"async\" width=\"150\" height=\"150\" src=\"https:\/\/www.fiaelyelmo.com\/cine\/wp-content\/uploads\/2025\/07\/AER_P-150x150.jpg\" class=\"attachment-thumbnail size-thumbnail\" alt=\"\" \/><\/a>\n\t\t\t<\/dt><\/dl><dl class='gallery-item'>\n\t\t\t<dt class='gallery-icon landscape'>\n\t\t\t\t<a href='https:\/\/www.fiaelyelmo.com\/cine\/es\/2025\/07\/aer\/aer1\/'><img loading=\"lazy\" decoding=\"async\" width=\"150\" height=\"150\" src=\"https:\/\/www.fiaelyelmo.com\/cine\/wp-content\/uploads\/2025\/07\/AER1-150x150.jpg\" class=\"attachment-thumbnail size-thumbnail\" alt=\"\" \/><\/a>\n\t\t\t<\/dt><\/dl><dl class='gallery-item'>\n\t\t\t<dt class='gallery-icon landscape'>\n\t\t\t\t<a href='https:\/\/www.fiaelyelmo.com\/cine\/es\/2025\/07\/aer\/aer2\/'><img loading=\"lazy\" decoding=\"async\" width=\"150\" height=\"150\" src=\"https:\/\/www.fiaelyelmo.com\/cine\/wp-content\/uploads\/2025\/07\/AER2-150x150.jpg\" class=\"attachment-thumbnail size-thumbnail\" alt=\"\" \/><\/a>\n\t\t\t<\/dt><\/dl><br style=\"clear: both\" \/><dl class='gallery-item'>\n\t\t\t<dt class='gallery-icon landscape'>\n\t\t\t\t<a href='https:\/\/www.fiaelyelmo.com\/cine\/es\/2025\/07\/aer\/aer3\/'><img loading=\"lazy\" decoding=\"async\" width=\"150\" height=\"150\" src=\"https:\/\/www.fiaelyelmo.com\/cine\/wp-content\/uploads\/2025\/07\/AER3-150x150.jpg\" class=\"attachment-thumbnail size-thumbnail\" alt=\"\" \/><\/a>\n\t\t\t<\/dt><\/dl>\n\t\t\t<br style='clear: both' \/>\n\t\t<\/div>\n\n<p>&nbsp;<\/p>\n","protected":false},"excerpt":{"rendered":"<p>Realizador: JOSUE VERGARA &amp; VICENTE PORFILIO Director: JOSUE VERGARA &amp; VICENTE PORFILIO Pa\u00eds: Espa\u00f1a Lugar y fecha de grabaci\u00f3n: Base militar los Llanos Albacete\/ Museo del aire y el espacio\/ Palau de la M\u00fasica de Valenci Duraci\u00f3n: 11&#8242; \u00bfC\u00f3mo componer el aire? \u00bfc\u00f3mo componer su melod\u00eda? AER narra de manera po\u00e9tica, y conceptual, el proceso [&hellip;]<\/p>\n","protected":false},"author":3,"featured_media":3916,"comment_status":"closed","ping_status":"closed","sticky":false,"template":"","format":"standard","meta":{"_et_pb_use_builder":"","_et_pb_old_content":"","_et_gb_content_width":"","footnotes":""},"categories":[302],"tags":[],"class_list":["post-3911","post","type-post","status-publish","format-standard","has-post-thumbnail","hentry","category-seccion-oficial-2025"],"_links":{"self":[{"href":"https:\/\/www.fiaelyelmo.com\/cine\/wp-json\/wp\/v2\/posts\/3911","targetHints":{"allow":["GET"]}}],"collection":[{"href":"https:\/\/www.fiaelyelmo.com\/cine\/wp-json\/wp\/v2\/posts"}],"about":[{"href":"https:\/\/www.fiaelyelmo.com\/cine\/wp-json\/wp\/v2\/types\/post"}],"author":[{"embeddable":true,"href":"https:\/\/www.fiaelyelmo.com\/cine\/wp-json\/wp\/v2\/users\/3"}],"replies":[{"embeddable":true,"href":"https:\/\/www.fiaelyelmo.com\/cine\/wp-json\/wp\/v2\/comments?post=3911"}],"version-history":[{"count":1,"href":"https:\/\/www.fiaelyelmo.com\/cine\/wp-json\/wp\/v2\/posts\/3911\/revisions"}],"predecessor-version":[{"id":3917,"href":"https:\/\/www.fiaelyelmo.com\/cine\/wp-json\/wp\/v2\/posts\/3911\/revisions\/3917"}],"wp:featuredmedia":[{"embeddable":true,"href":"https:\/\/www.fiaelyelmo.com\/cine\/wp-json\/wp\/v2\/media\/3916"}],"wp:attachment":[{"href":"https:\/\/www.fiaelyelmo.com\/cine\/wp-json\/wp\/v2\/media?parent=3911"}],"wp:term":[{"taxonomy":"category","embeddable":true,"href":"https:\/\/www.fiaelyelmo.com\/cine\/wp-json\/wp\/v2\/categories?post=3911"},{"taxonomy":"post_tag","embeddable":true,"href":"https:\/\/www.fiaelyelmo.com\/cine\/wp-json\/wp\/v2\/tags?post=3911"}],"curies":[{"name":"wp","href":"https:\/\/api.w.org\/{rel}","templated":true}]}}