{"id":3929,"date":"2025-07-01T21:11:50","date_gmt":"2025-07-01T21:11:50","guid":{"rendered":"https:\/\/www.fiaelyelmo.com\/cine\/?p=3929"},"modified":"2025-07-01T21:16:53","modified_gmt":"2025-07-01T21:16:53","slug":"paragliding-world-cup-algodonales","status":"publish","type":"post","link":"https:\/\/www.fiaelyelmo.com\/cine\/es\/2025\/07\/paragliding-world-cup-algodonales\/","title":{"rendered":"Paragliding World Cup &#8211; Algodonales"},"content":{"rendered":"<p><strong>Realizador: <\/strong>Will Appleyard<br \/>\n<strong>Director: <\/strong>Will Appleyard and Aggie Heizer<br \/>\n<strong>Pa\u00eds:<\/strong> Espa\u00f1a<br \/>\n<strong>Lugar y fecha de grabaci\u00f3n:<\/strong> Algodonales. 10th-17th May 2025<br \/>\n<strong>Duraci\u00f3n:<\/strong> 30&#8242;<\/p>\n<p>En lo alto de la tierra, donde el silencio se funde con la adrenalina, la Copa del Mundo de Parapente traza su camino alrededor del mundo y ahora llega a Algodonales. Rodeado de escarpadas sierras y ondulantes olivares, este pueblo andaluz se convierte en escenario tanto para campeones como para so\u00f1adores. Aqu\u00ed, el viento y la voluntad se unen en un espect\u00e1culo de vuelo. Ser sede de esta competici\u00f3n de talla mundial no es solo un honor, sino un momento de orgullo inscrito en el cielo.<\/p>\n","protected":false},"excerpt":{"rendered":"<p>Realizador: Will Appleyard Director: Will Appleyard and Aggie Heizer Pa\u00eds: Espa\u00f1a Lugar y fecha de grabaci\u00f3n: Algodonales. 10th-17th May 2025 Duraci\u00f3n: 30&#8242; En lo alto de la tierra, donde el silencio se funde con la adrenalina, la Copa del Mundo de Parapente traza su camino alrededor del mundo y ahora llega a Algodonales. Rodeado de [&hellip;]<\/p>\n","protected":false},"author":3,"featured_media":3935,"comment_status":"closed","ping_status":"closed","sticky":false,"template":"","format":"standard","meta":{"_et_pb_use_builder":"","_et_pb_old_content":"","_et_gb_content_width":"","footnotes":""},"categories":[302],"tags":[],"class_list":["post-3929","post","type-post","status-publish","format-standard","has-post-thumbnail","hentry","category-seccion-oficial-2025"],"_links":{"self":[{"href":"https:\/\/www.fiaelyelmo.com\/cine\/wp-json\/wp\/v2\/posts\/3929","targetHints":{"allow":["GET"]}}],"collection":[{"href":"https:\/\/www.fiaelyelmo.com\/cine\/wp-json\/wp\/v2\/posts"}],"about":[{"href":"https:\/\/www.fiaelyelmo.com\/cine\/wp-json\/wp\/v2\/types\/post"}],"author":[{"embeddable":true,"href":"https:\/\/www.fiaelyelmo.com\/cine\/wp-json\/wp\/v2\/users\/3"}],"replies":[{"embeddable":true,"href":"https:\/\/www.fiaelyelmo.com\/cine\/wp-json\/wp\/v2\/comments?post=3929"}],"version-history":[{"count":1,"href":"https:\/\/www.fiaelyelmo.com\/cine\/wp-json\/wp\/v2\/posts\/3929\/revisions"}],"predecessor-version":[{"id":3931,"href":"https:\/\/www.fiaelyelmo.com\/cine\/wp-json\/wp\/v2\/posts\/3929\/revisions\/3931"}],"wp:featuredmedia":[{"embeddable":true,"href":"https:\/\/www.fiaelyelmo.com\/cine\/wp-json\/wp\/v2\/media\/3935"}],"wp:attachment":[{"href":"https:\/\/www.fiaelyelmo.com\/cine\/wp-json\/wp\/v2\/media?parent=3929"}],"wp:term":[{"taxonomy":"category","embeddable":true,"href":"https:\/\/www.fiaelyelmo.com\/cine\/wp-json\/wp\/v2\/categories?post=3929"},{"taxonomy":"post_tag","embeddable":true,"href":"https:\/\/www.fiaelyelmo.com\/cine\/wp-json\/wp\/v2\/tags?post=3929"}],"curies":[{"name":"wp","href":"https:\/\/api.w.org\/{rel}","templated":true}]}}