{"id":3936,"date":"2025-06-20T15:47:03","date_gmt":"2025-06-20T15:47:03","guid":{"rendered":"https:\/\/www.fiaelyelmo.com\/cine\/?p=3936"},"modified":"2025-07-02T15:50:12","modified_gmt":"2025-07-02T15:50:12","slug":"copa-del-mundo-de-parapente-2024-el-yelmo","status":"publish","type":"post","link":"https:\/\/www.fiaelyelmo.com\/cine\/es\/2025\/06\/copa-del-mundo-de-parapente-2024-el-yelmo\/","title":{"rendered":"Copa del Mundo de Parapente 2024 &#8211; El Yelmo"},"content":{"rendered":"<p><strong>Realizador: <\/strong>Aplicca Ja\u00e9n<br \/>\n<strong>Director: <\/strong>Chema Garc\u00eda<br \/>\n<strong>Pa\u00eds:<\/strong> Espa\u00f1a<br \/>\n<strong>Lugar y fecha de grabaci\u00f3n: <\/strong>Mayo 2024, Sierra de Segura, Ja\u00e9n.<br \/>\n<strong>Duraci\u00f3n:<\/strong> 12&#8242;<\/p>\n<p>La cr\u00f3nica de una prueba de distancia de parapente al mas alto nivel celebrado en la Sierra de Segura, en la m\u00edtica monta\u00f1a de El Yelmo.<\/p>\n\n\t\t<style type=\"text\/css\">\n\t\t\t#gallery-1 {\n\t\t\t\tmargin: auto;\n\t\t\t}\n\t\t\t#gallery-1 .gallery-item {\n\t\t\t\tfloat: left;\n\t\t\t\tmargin-top: 10px;\n\t\t\t\ttext-align: center;\n\t\t\t\twidth: 33%;\n\t\t\t}\n\t\t\t#gallery-1 img {\n\t\t\t\tborder: 2px solid #cfcfcf;\n\t\t\t}\n\t\t\t#gallery-1 .gallery-caption {\n\t\t\t\tmargin-left: 0;\n\t\t\t}\n\t\t\t\/* see gallery_shortcode() in wp-includes\/media.php *\/\n\t\t<\/style>\n\t\t<div id='gallery-1' class='gallery galleryid-3936 gallery-columns-3 gallery-size-thumbnail'><dl class='gallery-item'>\n\t\t\t<dt class='gallery-icon portrait'>\n\t\t\t\t<a href='https:\/\/www.fiaelyelmo.com\/cine\/es\/2025\/06\/copa-del-mundo-de-parapente-2024-el-yelmo\/cartel2024_pwc-alta\/'><img loading=\"lazy\" decoding=\"async\" width=\"150\" height=\"150\" src=\"https:\/\/www.fiaelyelmo.com\/cine\/wp-content\/uploads\/2025\/07\/cartel2024_PWC-ALTA-150x150.jpg\" class=\"attachment-thumbnail size-thumbnail\" alt=\"\" \/><\/a>\n\t\t\t<\/dt><\/dl>\n\t\t\t<br style='clear: both' \/>\n\t\t<\/div>\n\n<p>&nbsp;<\/p>\n","protected":false},"excerpt":{"rendered":"<p>Realizador: Aplicca Ja\u00e9n Director: Chema Garc\u00eda Pa\u00eds: Espa\u00f1a Lugar y fecha de grabaci\u00f3n: Mayo 2024, Sierra de Segura, Ja\u00e9n. Duraci\u00f3n: 12&#8242; La cr\u00f3nica de una prueba de distancia de parapente al mas alto nivel celebrado en la Sierra de Segura, en la m\u00edtica monta\u00f1a de El Yelmo. &nbsp;<\/p>\n","protected":false},"author":3,"featured_media":3937,"comment_status":"closed","ping_status":"closed","sticky":false,"template":"","format":"standard","meta":{"_et_pb_use_builder":"","_et_pb_old_content":"","_et_gb_content_width":"","footnotes":""},"categories":[302],"tags":[],"class_list":["post-3936","post","type-post","status-publish","format-standard","has-post-thumbnail","hentry","category-seccion-oficial-2025"],"_links":{"self":[{"href":"https:\/\/www.fiaelyelmo.com\/cine\/wp-json\/wp\/v2\/posts\/3936","targetHints":{"allow":["GET"]}}],"collection":[{"href":"https:\/\/www.fiaelyelmo.com\/cine\/wp-json\/wp\/v2\/posts"}],"about":[{"href":"https:\/\/www.fiaelyelmo.com\/cine\/wp-json\/wp\/v2\/types\/post"}],"author":[{"embeddable":true,"href":"https:\/\/www.fiaelyelmo.com\/cine\/wp-json\/wp\/v2\/users\/3"}],"replies":[{"embeddable":true,"href":"https:\/\/www.fiaelyelmo.com\/cine\/wp-json\/wp\/v2\/comments?post=3936"}],"version-history":[{"count":2,"href":"https:\/\/www.fiaelyelmo.com\/cine\/wp-json\/wp\/v2\/posts\/3936\/revisions"}],"predecessor-version":[{"id":3946,"href":"https:\/\/www.fiaelyelmo.com\/cine\/wp-json\/wp\/v2\/posts\/3936\/revisions\/3946"}],"wp:featuredmedia":[{"embeddable":true,"href":"https:\/\/www.fiaelyelmo.com\/cine\/wp-json\/wp\/v2\/media\/3937"}],"wp:attachment":[{"href":"https:\/\/www.fiaelyelmo.com\/cine\/wp-json\/wp\/v2\/media?parent=3936"}],"wp:term":[{"taxonomy":"category","embeddable":true,"href":"https:\/\/www.fiaelyelmo.com\/cine\/wp-json\/wp\/v2\/categories?post=3936"},{"taxonomy":"post_tag","embeddable":true,"href":"https:\/\/www.fiaelyelmo.com\/cine\/wp-json\/wp\/v2\/tags?post=3936"}],"curies":[{"name":"wp","href":"https:\/\/api.w.org\/{rel}","templated":true}]}}