{"id":3940,"date":"2025-06-20T15:48:47","date_gmt":"2025-06-20T15:48:47","guid":{"rendered":"https:\/\/www.fiaelyelmo.com\/cine\/?p=3940"},"modified":"2025-07-02T15:50:23","modified_gmt":"2025-07-02T15:50:23","slug":"paragliding-world-cup-2024-el-yelmo","status":"publish","type":"post","link":"https:\/\/www.fiaelyelmo.com\/cine\/en\/2025\/06\/paragliding-world-cup-2024-el-yelmo\/","title":{"rendered":"Paragliding World Cup 2024 &#8211; El Yelmo"},"content":{"rendered":"<p><strong>Producer: <\/strong>Aplicca Ja\u00e9n<br \/>\n<strong>Director: <\/strong>Chema Garc\u00eda<br \/>\n<strong>Country:<\/strong> Espa\u00f1a<br \/>\n<strong>Place and date of filming: <\/strong>Mayo 2024, Sierra de Segura, Ja\u00e9n.<br \/>\n<strong>Duration:<\/strong> 12&#8242;<\/p>\n<p>The chronicle of a high-level paragliding distance event held in the Sierra de Segura, on the legendary El Yelmo mountain.<\/p>\n\n\t\t<style type=\"text\/css\">\n\t\t\t#gallery-1 {\n\t\t\t\tmargin: auto;\n\t\t\t}\n\t\t\t#gallery-1 .gallery-item {\n\t\t\t\tfloat: left;\n\t\t\t\tmargin-top: 10px;\n\t\t\t\ttext-align: center;\n\t\t\t\twidth: 33%;\n\t\t\t}\n\t\t\t#gallery-1 img {\n\t\t\t\tborder: 2px solid #cfcfcf;\n\t\t\t}\n\t\t\t#gallery-1 .gallery-caption {\n\t\t\t\tmargin-left: 0;\n\t\t\t}\n\t\t\t\/* see gallery_shortcode() in wp-includes\/media.php *\/\n\t\t<\/style>\n\t\t<div id='gallery-1' class='gallery galleryid-3940 gallery-columns-3 gallery-size-thumbnail'><dl class='gallery-item'>\n\t\t\t<dt class='gallery-icon portrait'>\n\t\t\t\t<a href='https:\/\/www.fiaelyelmo.com\/cine\/en\/2025\/06\/paragliding-world-cup-2024-el-yelmo\/cartel2024_pwc-alta-2\/'><img loading=\"lazy\" decoding=\"async\" width=\"150\" height=\"150\" src=\"https:\/\/www.fiaelyelmo.com\/cine\/wp-content\/uploads\/2025\/07\/cartel2024_PWC-ALTA-1-150x150.jpg\" class=\"attachment-thumbnail size-thumbnail\" alt=\"\" \/><\/a>\n\t\t\t<\/dt><\/dl>\n\t\t\t<br style='clear: both' \/>\n\t\t<\/div>\n\n","protected":false},"excerpt":{"rendered":"<p>Producer: Aplicca Ja\u00e9n Director: Chema Garc\u00eda Country: Espa\u00f1a Place and date of filming: Mayo 2024, Sierra de Segura, Ja\u00e9n. Duration: 12&#8242; The chronicle of a high-level paragliding distance event held in the Sierra de Segura, on the legendary El Yelmo mountain.<\/p>\n","protected":false},"author":3,"featured_media":3937,"comment_status":"closed","ping_status":"closed","sticky":false,"template":"","format":"standard","meta":{"_et_pb_use_builder":"","_et_pb_old_content":"","_et_gb_content_width":"","footnotes":""},"categories":[304],"tags":[],"class_list":["post-3940","post","type-post","status-publish","format-standard","has-post-thumbnail","hentry","category-official-selection-2025"],"_links":{"self":[{"href":"https:\/\/www.fiaelyelmo.com\/cine\/wp-json\/wp\/v2\/posts\/3940","targetHints":{"allow":["GET"]}}],"collection":[{"href":"https:\/\/www.fiaelyelmo.com\/cine\/wp-json\/wp\/v2\/posts"}],"about":[{"href":"https:\/\/www.fiaelyelmo.com\/cine\/wp-json\/wp\/v2\/types\/post"}],"author":[{"embeddable":true,"href":"https:\/\/www.fiaelyelmo.com\/cine\/wp-json\/wp\/v2\/users\/3"}],"replies":[{"embeddable":true,"href":"https:\/\/www.fiaelyelmo.com\/cine\/wp-json\/wp\/v2\/comments?post=3940"}],"version-history":[{"count":1,"href":"https:\/\/www.fiaelyelmo.com\/cine\/wp-json\/wp\/v2\/posts\/3940\/revisions"}],"predecessor-version":[{"id":3942,"href":"https:\/\/www.fiaelyelmo.com\/cine\/wp-json\/wp\/v2\/posts\/3940\/revisions\/3942"}],"wp:featuredmedia":[{"embeddable":true,"href":"https:\/\/www.fiaelyelmo.com\/cine\/wp-json\/wp\/v2\/media\/3937"}],"wp:attachment":[{"href":"https:\/\/www.fiaelyelmo.com\/cine\/wp-json\/wp\/v2\/media?parent=3940"}],"wp:term":[{"taxonomy":"category","embeddable":true,"href":"https:\/\/www.fiaelyelmo.com\/cine\/wp-json\/wp\/v2\/categories?post=3940"},{"taxonomy":"post_tag","embeddable":true,"href":"https:\/\/www.fiaelyelmo.com\/cine\/wp-json\/wp\/v2\/tags?post=3940"}],"curies":[{"name":"wp","href":"https:\/\/api.w.org\/{rel}","templated":true}]}}