{"id":3945,"date":"2025-07-02T15:58:10","date_gmt":"2025-07-02T15:58:10","guid":{"rendered":"https:\/\/www.fiaelyelmo.com\/cine\/?p=3945"},"modified":"2025-07-02T16:01:59","modified_gmt":"2025-07-02T16:01:59","slug":"open-jaen-paraiso-interior-hf-el-yelmo-2025","status":"publish","type":"post","link":"https:\/\/www.fiaelyelmo.com\/cine\/es\/2025\/07\/open-jaen-paraiso-interior-hf-el-yelmo-2025\/","title":{"rendered":"Open Ja\u00e9n Para\u00edso Interior H&amp;F &#8211; El Yelmo 2025"},"content":{"rendered":"<p><strong>Realizador: <\/strong>Aplicca Ja\u00e9n<br \/>\n<strong>Director: <\/strong>Chema Garc\u00eda<br \/>\n<strong>Pa\u00eds:<\/strong> Espa\u00f1a<br \/>\n<strong>Lugar y fecha de grabaci\u00f3n: <\/strong>Junio 2025, P.N de las sierras de Cazorla, Segura y las Villas, Ja\u00e9n.<br \/>\n<strong>Duraci\u00f3n:<\/strong> 12&#8242;<\/p>\n<p>Una competici\u00f3n a trav\u00e9s de todo el P.N de las sierras de Cazorla, Segura y las Villas, corriendo y volando.<\/p>\n<p><img loading=\"lazy\" decoding=\"async\" class=\"alignnone size-medium wp-image-3948\" src=\"http:\/\/www.fiaelyelmo.com\/cine\/wp-content\/uploads\/2025\/07\/cartelHF-214x300.jpg\" alt=\"\" width=\"214\" height=\"300\" \/><\/p>\n","protected":false},"excerpt":{"rendered":"<p>Realizador: Aplicca Ja\u00e9n Director: Chema Garc\u00eda Pa\u00eds: Espa\u00f1a Lugar y fecha de grabaci\u00f3n: Junio 2025, P.N de las sierras de Cazorla, Segura y las Villas, Ja\u00e9n. Duraci\u00f3n: 12&#8242; Una competici\u00f3n a trav\u00e9s de todo el P.N de las sierras de Cazorla, Segura y las Villas, corriendo y volando.<\/p>\n","protected":false},"author":3,"featured_media":3947,"comment_status":"closed","ping_status":"closed","sticky":false,"template":"","format":"standard","meta":{"_et_pb_use_builder":"","_et_pb_old_content":"","_et_gb_content_width":"","footnotes":""},"categories":[302],"tags":[],"class_list":["post-3945","post","type-post","status-publish","format-standard","has-post-thumbnail","hentry","category-seccion-oficial-2025"],"_links":{"self":[{"href":"https:\/\/www.fiaelyelmo.com\/cine\/wp-json\/wp\/v2\/posts\/3945","targetHints":{"allow":["GET"]}}],"collection":[{"href":"https:\/\/www.fiaelyelmo.com\/cine\/wp-json\/wp\/v2\/posts"}],"about":[{"href":"https:\/\/www.fiaelyelmo.com\/cine\/wp-json\/wp\/v2\/types\/post"}],"author":[{"embeddable":true,"href":"https:\/\/www.fiaelyelmo.com\/cine\/wp-json\/wp\/v2\/users\/3"}],"replies":[{"embeddable":true,"href":"https:\/\/www.fiaelyelmo.com\/cine\/wp-json\/wp\/v2\/comments?post=3945"}],"version-history":[{"count":3,"href":"https:\/\/www.fiaelyelmo.com\/cine\/wp-json\/wp\/v2\/posts\/3945\/revisions"}],"predecessor-version":[{"id":3956,"href":"https:\/\/www.fiaelyelmo.com\/cine\/wp-json\/wp\/v2\/posts\/3945\/revisions\/3956"}],"wp:featuredmedia":[{"embeddable":true,"href":"https:\/\/www.fiaelyelmo.com\/cine\/wp-json\/wp\/v2\/media\/3947"}],"wp:attachment":[{"href":"https:\/\/www.fiaelyelmo.com\/cine\/wp-json\/wp\/v2\/media?parent=3945"}],"wp:term":[{"taxonomy":"category","embeddable":true,"href":"https:\/\/www.fiaelyelmo.com\/cine\/wp-json\/wp\/v2\/categories?post=3945"},{"taxonomy":"post_tag","embeddable":true,"href":"https:\/\/www.fiaelyelmo.com\/cine\/wp-json\/wp\/v2\/tags?post=3945"}],"curies":[{"name":"wp","href":"https:\/\/api.w.org\/{rel}","templated":true}]}}