{"id":3950,"date":"2025-07-02T16:00:03","date_gmt":"2025-07-02T16:00:03","guid":{"rendered":"https:\/\/www.fiaelyelmo.com\/cine\/?p=3950"},"modified":"2025-07-02T16:01:35","modified_gmt":"2025-07-02T16:01:35","slug":"open-jaen-paraiso-interior-hf-el-yelmo-2025-2","status":"publish","type":"post","link":"https:\/\/www.fiaelyelmo.com\/cine\/en\/2025\/07\/open-jaen-paraiso-interior-hf-el-yelmo-2025-2\/","title":{"rendered":"Open Ja\u00e9n Para\u00edso Interior H&amp;F &#8211; El Yelmo 2025"},"content":{"rendered":"<p><strong>Producer: <\/strong>Aplicca Ja\u00e9n<br \/>\n<strong>Director: <\/strong>Chema Garc\u00eda<br \/>\n<strong>Country:<\/strong> Espa\u00f1a<br \/>\n<strong>Place and date of filming: <\/strong>June 2025, PN Sierras de Cazorla, Segura y Las Villas, Ja\u00e9n.<br \/>\n<strong>Duration:<\/strong> 12&#8242;<\/p>\n<p><img loading=\"lazy\" decoding=\"async\" class=\"alignnone size-medium wp-image-3951\" src=\"http:\/\/www.fiaelyelmo.com\/cine\/wp-content\/uploads\/2025\/07\/cartelHF-1-214x300.jpg\" alt=\"\" width=\"214\" height=\"300\" \/><\/p>\n","protected":false},"excerpt":{"rendered":"<p>Producer: Aplicca Ja\u00e9n Director: Chema Garc\u00eda Country: Espa\u00f1a Place and date of filming: June 2025, PN Sierras de Cazorla, Segura y Las Villas, Ja\u00e9n. Duration: 12&#8242;<\/p>\n","protected":false},"author":3,"featured_media":3947,"comment_status":"closed","ping_status":"closed","sticky":false,"template":"","format":"standard","meta":{"_et_pb_use_builder":"","_et_pb_old_content":"","_et_gb_content_width":"","footnotes":""},"categories":[304],"tags":[],"class_list":["post-3950","post","type-post","status-publish","format-standard","has-post-thumbnail","hentry","category-official-selection-2025"],"_links":{"self":[{"href":"https:\/\/www.fiaelyelmo.com\/cine\/wp-json\/wp\/v2\/posts\/3950","targetHints":{"allow":["GET"]}}],"collection":[{"href":"https:\/\/www.fiaelyelmo.com\/cine\/wp-json\/wp\/v2\/posts"}],"about":[{"href":"https:\/\/www.fiaelyelmo.com\/cine\/wp-json\/wp\/v2\/types\/post"}],"author":[{"embeddable":true,"href":"https:\/\/www.fiaelyelmo.com\/cine\/wp-json\/wp\/v2\/users\/3"}],"replies":[{"embeddable":true,"href":"https:\/\/www.fiaelyelmo.com\/cine\/wp-json\/wp\/v2\/comments?post=3950"}],"version-history":[{"count":3,"href":"https:\/\/www.fiaelyelmo.com\/cine\/wp-json\/wp\/v2\/posts\/3950\/revisions"}],"predecessor-version":[{"id":3955,"href":"https:\/\/www.fiaelyelmo.com\/cine\/wp-json\/wp\/v2\/posts\/3950\/revisions\/3955"}],"wp:featuredmedia":[{"embeddable":true,"href":"https:\/\/www.fiaelyelmo.com\/cine\/wp-json\/wp\/v2\/media\/3947"}],"wp:attachment":[{"href":"https:\/\/www.fiaelyelmo.com\/cine\/wp-json\/wp\/v2\/media?parent=3950"}],"wp:term":[{"taxonomy":"category","embeddable":true,"href":"https:\/\/www.fiaelyelmo.com\/cine\/wp-json\/wp\/v2\/categories?post=3950"},{"taxonomy":"post_tag","embeddable":true,"href":"https:\/\/www.fiaelyelmo.com\/cine\/wp-json\/wp\/v2\/tags?post=3950"}],"curies":[{"name":"wp","href":"https:\/\/api.w.org\/{rel}","templated":true}]}}